{"id":17361,"date":"2023-08-24T08:11:08","date_gmt":"2023-08-24T14:11:08","guid":{"rendered":"https:\/\/www.newsmillenium.com\/?p=17361"},"modified":"2023-08-24T08:11:12","modified_gmt":"2023-08-24T14:11:12","slug":"quien-es-ed-siskel-el-nuevo-asesor-legal-de-la-casa-blanca-a-partir-de-septiembre","status":"publish","type":"post","link":"https:\/\/www.newsmillenium.com\/index.php\/2023\/08\/24\/quien-es-ed-siskel-el-nuevo-asesor-legal-de-la-casa-blanca-a-partir-de-septiembre\/","title":{"rendered":"\u00bfQui\u00e9n es Ed Siskel? El nuevo asesor legal de la Casa Blanca a partir de septiembre"},"content":{"rendered":"\n<p>NotiPress<\/p>\n\n\n\n<p><\/p>\n\n\n\n<p>A trav\u00e9s de un comunicado, el presidente de Estados Unidos, Joe Biden, anunci\u00f3 que Ed Siskel se desempe\u00f1ar\u00e1 como asesor jur\u00eddico de la Casa Blanca y tomar\u00e1 su cargo en septiembre de 2023. En el \u00faltimo a\u00f1o de Barak Obama como presidente de Estados Unidos, Siskel fue nombrado asesor adjunto en la Oficina del Asesor Jur\u00eddico de la Casa Blanca.<\/p>\n\n\n\n<p>Esta vez, Ed iskel liderar\u00e1 un equipo al servicio del presidente Biden, asesor\u00e1ndolo en temas legales que enfrenta la Casa Blanca y el pa\u00eds. Desde elaborar pol\u00edticas y acciones ejecutivas, hasta defender y promover la agenda del mandatario estadounidense, en favor del progreso de los ciudadanos.<\/p>\n\n\n\n<p><\/p>\n\n\n\n<p>Por su parte, el presidente Joe Biden afirm\u00f3 en el comunicado que Siskel tiene a\u00f1os como servidor p\u00fablico, eso lo convierte en la &#8220;elecci\u00f3n perfecta&#8221; para ser el pr\u00f3ximo asesor jur\u00eddico de la Casa Blanca.<\/p>\n\n\n\n<p>Cuando yo era vicepresidente, ayud\u00f3 a la Oficina del Asesor Jur\u00eddico a afrontar desaf\u00edos complejos como fiscal federal y luego como abogado principal&#8221;, apunt\u00f3 Biden.<br>Aunado a ello, el presidente Biden destac\u00f3 que la experiencia de Siskel y su respeto por la ley, ser\u00e1 clave para afrontar los problemas del pueblo estadounidense.<\/p>\n\n\n\n<p>El nombramiento de Siskel lleg\u00f3 tras la sustituci\u00f3n de Stuart Delery, quien ingres\u00f3 al equipo de Biden en 2020. Es preciso mencionar que Stuart Delery fue el asesor legal de la Casa Blanca, durante la administraci\u00f3n de Donald Trump.<\/p>\n\n\n\n<p><\/p>\n\n\n\n<p>Originario de Chicago, Ed Siskel se gradu\u00f3 en la Wesleyan University, adem\u00e1s es egresado de la Facultad de Derecho de la Universidad de Chicago; ah\u00ed fue editor en jefe de Law Review. En sus inicios como profesional, sirvi\u00f3 en el Departamento de Justicia como asesor principal del fiscal general adjunto, despu\u00e9s fue fiscal general adjunto. Posteriormente, trabaj\u00f3 en la Fiscal\u00eda del Distrito Norte de Illinois y fue secretario del juez John Paul Stevens en la Corte Suprema de Estados Unidos. En su \u00faltimo trabajo, se dedic\u00f3 temporalmente a la pr\u00e1ctica privada y estuco dos a\u00f1os como asesor corporativo, durante el gobierno del alcalde Rahm Emanuel, menciona el comunicado.<\/p>\n\n\n\n<p><\/p>\n\n\n\n<p>Siskel, quien comenzar\u00e1 en septiembre, asume el cargo durante un momento cr\u00edtico en la Casa Blanca, pues Biden competir\u00e1 por la reelecci\u00f3n. Asimismo, las investigaciones judiciales y del Congreso sobre la administraci\u00f3n de Biden y su familia siguen en marcha. De igual manera, los republicanos de la C\u00e1mara est\u00e1n analizando la idea de abrir una investigaci\u00f3n de juicio pol\u00edtico en contra del mandatario estadounidense.<\/p>\n","protected":false},"excerpt":{"rendered":"<p>NotiPress A trav\u00e9s de un comunicado, el presidente de Estados Unidos, Joe Biden, anunci\u00f3 que Ed Siskel se desempe\u00f1ar\u00e1 como asesor jur\u00eddico de la Casa Blanca y tomar\u00e1 su cargo en septiembre de 2023. En el \u00faltimo a\u00f1o de Barak Obama como presidente de Estados Unidos, Siskel fue nombrado asesor adjunto en la Oficina del [&hellip;]<\/p>\n","protected":false},"author":2,"featured_media":17362,"comment_status":"open","ping_status":"open","sticky":false,"template":"","format":"standard","meta":{"tdm_status":"","tdm_grid_status":"","footnotes":""},"categories":[14,3],"tags":[],"class_list":{"0":"post-17361","1":"post","2":"type-post","3":"status-publish","4":"format-standard","5":"has-post-thumbnail","7":"category-destacads","8":"category-internacional"},"jetpack_featured_media_url":"https:\/\/www.newsmillenium.com\/wp-content\/uploads\/2023\/08\/si-1.jpg","amp_enabled":true,"_links":{"self":[{"href":"https:\/\/www.newsmillenium.com\/index.php\/wp-json\/wp\/v2\/posts\/17361","targetHints":{"allow":["GET"]}}],"collection":[{"href":"https:\/\/www.newsmillenium.com\/index.php\/wp-json\/wp\/v2\/posts"}],"about":[{"href":"https:\/\/www.newsmillenium.com\/index.php\/wp-json\/wp\/v2\/types\/post"}],"author":[{"embeddable":true,"href":"https:\/\/www.newsmillenium.com\/index.php\/wp-json\/wp\/v2\/users\/2"}],"replies":[{"embeddable":true,"href":"https:\/\/www.newsmillenium.com\/index.php\/wp-json\/wp\/v2\/comments?post=17361"}],"version-history":[{"count":1,"href":"https:\/\/www.newsmillenium.com\/index.php\/wp-json\/wp\/v2\/posts\/17361\/revisions"}],"predecessor-version":[{"id":17363,"href":"https:\/\/www.newsmillenium.com\/index.php\/wp-json\/wp\/v2\/posts\/17361\/revisions\/17363"}],"wp:featuredmedia":[{"embeddable":true,"href":"https:\/\/www.newsmillenium.com\/index.php\/wp-json\/wp\/v2\/media\/17362"}],"wp:attachment":[{"href":"https:\/\/www.newsmillenium.com\/index.php\/wp-json\/wp\/v2\/media?parent=17361"}],"wp:term":[{"taxonomy":"category","embeddable":true,"href":"https:\/\/www.newsmillenium.com\/index.php\/wp-json\/wp\/v2\/categories?post=17361"},{"taxonomy":"post_tag","embeddable":true,"href":"https:\/\/www.newsmillenium.com\/index.php\/wp-json\/wp\/v2\/tags?post=17361"}],"curies":[{"name":"wp","href":"https:\/\/api.w.org\/{rel}","templated":true}]}}