{"id":16691,"date":"2023-06-25T07:21:34","date_gmt":"2023-06-25T13:21:34","guid":{"rendered":"https:\/\/www.newsmillenium.com\/?p=16691"},"modified":"2023-06-25T07:21:37","modified_gmt":"2023-06-25T13:21:37","slug":"cifco-desata-los-cuatro-jinetes-del-apocalipsis","status":"publish","type":"post","link":"https:\/\/www.newsmillenium.com\/index.php\/2023\/06\/25\/cifco-desata-los-cuatro-jinetes-del-apocalipsis\/","title":{"rendered":"CIFCO DESATA LOS \u201cCUATRO JINETES DEL APOCALIPSIS\u201d"},"content":{"rendered":"\n<p>\u00a1TERROR CIFCO REGRESA!<\/p>\n\n\n\n<p>CIFCO anuncia el evento m\u00e1s esperado del a\u00f1o: TERROR CIFCO &#8220;Los Cuatro Jinetes del Apocalipsis&#8221;. Creado para los amantes del terror, lo paranormal y el suspenso, este concepto ferial ha obtenido \u00e9xitos rotundos en ediciones anteriores, con r\u00e9cords impresionantes de asistencia.<\/p>\n\n\n\n<p><\/p>\n\n\n\n<p>Del 2 al 6 de agosto, se llevar\u00e1 a cabo la feria en las instalaciones de Fenadesal, San Salvador. Los horarios son los siguientes: el 2 de agosto, de 6:00 de la tarde a 10:00 de la noche, y del 3 al 6 de agosto, el horario ser\u00e1 de 2:00 de la tarde a 10:00 de la noche, en un \u00fanico turno.<\/p>\n\n\n\n<p>El presidente de CIFCO, Guillermo Hasb\u00fan (@GABEHASH), hizo el anuncio mediante un video que muestra escenas de destrucci\u00f3n y devastaci\u00f3n del fin de los tiempos en el Centro Hist\u00f3rico de San Salvador<\/p>\n\n\n\n<p><\/p>\n\n\n\n<p>Se trata del evento m\u00e1s importante en cuanto a terror en la regi\u00f3n, el cual presentar\u00e1 un concepto innovador postapocal\u00edptico dise\u00f1ado para experimentar aut\u00e9ntico terror. inspirado en los cuatro Jinetes del Apocalipsis, quienes han tomado el control absoluto de esta feria.<\/p>\n\n\n\n<p>Los 4 jinetes han sido representan Locura, Pestes, Guerra y Plagas y han sido anunciados en publicaciones de la instituci\u00f3n, se espera que estos conceptos est\u00e1n representados en cada \u00e1rea de la feria.<\/p>\n\n\n\n<p>Durante cinco d\u00edas, Fenadesal se convertir\u00e1 en el foco del terror, ofreciendo experiencias aterradoras. Podr\u00e1s encontrar mundos tem\u00e1ticos, disfrutar de emocionantes atracciones, shows en vivo, juegos de feria y deleitarte con la gastronom\u00eda tematizada. Todo estar\u00e1 preparado para recibir a visitantes de todo el pa\u00eds y del mundo.<\/p>\n\n\n\n<p><\/p>\n\n\n\n<p>El costo de la entrada es de $1.50 y CIFCO ha habilitado la opci\u00f3n de compra en l\u00ednea para el evento en el siguiente enlace de SmartTicket: https:\/\/bit.ly\/TerrorCIFCOLos4JinetesDelApocalipsis-SmartTicket<\/p>\n\n\n\n<p>\u00a1No te pierdas la oportunidad de vivir una de las mejores ferias de terror de todos los tiempos! Prep\u00e1rate para adentrarte en un apocalipsis y enfrentar el fin de los tiempos.<\/p>\n","protected":false},"excerpt":{"rendered":"<p>\u00a1TERROR CIFCO REGRESA! CIFCO anuncia el evento m\u00e1s esperado del a\u00f1o: TERROR CIFCO &#8220;Los Cuatro Jinetes del Apocalipsis&#8221;. Creado para los amantes del terror, lo paranormal y el suspenso, este concepto ferial ha obtenido \u00e9xitos rotundos en ediciones anteriores, con r\u00e9cords impresionantes de asistencia. Del 2 al 6 de agosto, se llevar\u00e1 a cabo la [&hellip;]<\/p>\n","protected":false},"author":2,"featured_media":16692,"comment_status":"open","ping_status":"open","sticky":false,"template":"","format":"standard","meta":{"tdm_status":"","tdm_grid_status":"","footnotes":""},"categories":[2,8],"tags":[],"class_list":{"0":"post-16691","1":"post","2":"type-post","3":"status-publish","4":"format-standard","5":"has-post-thumbnail","7":"category-featured","8":"category-musica-farandula-cine"},"jetpack_featured_media_url":"https:\/\/www.newsmillenium.com\/wp-content\/uploads\/2023\/06\/portada-1-KV-TERRORC4-LONG.jpg","amp_enabled":true,"_links":{"self":[{"href":"https:\/\/www.newsmillenium.com\/index.php\/wp-json\/wp\/v2\/posts\/16691","targetHints":{"allow":["GET"]}}],"collection":[{"href":"https:\/\/www.newsmillenium.com\/index.php\/wp-json\/wp\/v2\/posts"}],"about":[{"href":"https:\/\/www.newsmillenium.com\/index.php\/wp-json\/wp\/v2\/types\/post"}],"author":[{"embeddable":true,"href":"https:\/\/www.newsmillenium.com\/index.php\/wp-json\/wp\/v2\/users\/2"}],"replies":[{"embeddable":true,"href":"https:\/\/www.newsmillenium.com\/index.php\/wp-json\/wp\/v2\/comments?post=16691"}],"version-history":[{"count":1,"href":"https:\/\/www.newsmillenium.com\/index.php\/wp-json\/wp\/v2\/posts\/16691\/revisions"}],"predecessor-version":[{"id":16693,"href":"https:\/\/www.newsmillenium.com\/index.php\/wp-json\/wp\/v2\/posts\/16691\/revisions\/16693"}],"wp:featuredmedia":[{"embeddable":true,"href":"https:\/\/www.newsmillenium.com\/index.php\/wp-json\/wp\/v2\/media\/16692"}],"wp:attachment":[{"href":"https:\/\/www.newsmillenium.com\/index.php\/wp-json\/wp\/v2\/media?parent=16691"}],"wp:term":[{"taxonomy":"category","embeddable":true,"href":"https:\/\/www.newsmillenium.com\/index.php\/wp-json\/wp\/v2\/categories?post=16691"},{"taxonomy":"post_tag","embeddable":true,"href":"https:\/\/www.newsmillenium.com\/index.php\/wp-json\/wp\/v2\/tags?post=16691"}],"curies":[{"name":"wp","href":"https:\/\/api.w.org\/{rel}","templated":true}]}}