{"id":1663,"date":"2020-07-31T16:00:52","date_gmt":"2020-07-31T22:00:52","guid":{"rendered":"https:\/\/www.newsmillenium.com\/?p=1663"},"modified":"2020-07-31T16:01:32","modified_gmt":"2020-07-31T22:01:32","slug":"isaias-y-onda-tropical-ocasionaran-lluvias-en-el-pais","status":"publish","type":"post","link":"https:\/\/www.newsmillenium.com\/index.php\/2020\/07\/31\/isaias-y-onda-tropical-ocasionaran-lluvias-en-el-pais\/","title":{"rendered":"Isa\u00edas y onda tropical ocasionaran lluvias en el pa\u00eds"},"content":{"rendered":"\n<p>El Salvador-El Ministerio de Medio Ambiente que para este fin de semana se tendr\u00e1 lluvias y en algunos casos de tipo temporal de manera leve debido a la influencia de una onda tropical y el desplazamiento del hurac\u00e1n Isa\u00edas en el caribe propiciara una vaguada.<\/p>\n\n\n\n<p>El meteor\u00f3logo de turno David Pichinte se\u00f1alo que pese a las lluvias se\ntendr\u00e1 calor excesivo y en algunos casos ser\u00e1 opresivo.<\/p>\n\n\n\n<p>Para el s\u00e1bado El Salvador ser\u00e1 influenciado por &#8220;una vaguada que\nse extiende desde Cuba hasta Centroam\u00e9rica&#8221;, por lo que se pronostican\ntormentas moderadas y aisladas en la tarde en las zonas oriental y nororiental;\ny en la noche en la zona costera.<\/p>\n","protected":false},"excerpt":{"rendered":"<p>El Salvador-El Ministerio de Medio Ambiente que para este fin de semana se tendr\u00e1 lluvias y en algunos casos de tipo temporal de manera leve debido a la influencia de una onda tropical y el desplazamiento del hurac\u00e1n Isa\u00edas en el caribe propiciara una vaguada. El meteor\u00f3logo de turno David Pichinte se\u00f1alo que pese a [&hellip;]<\/p>\n","protected":false},"author":2,"featured_media":1664,"comment_status":"open","ping_status":"open","sticky":false,"template":"","format":"standard","meta":{"tdm_status":"","tdm_grid_status":"","footnotes":""},"categories":[4],"tags":[],"class_list":{"0":"post-1663","1":"post","2":"type-post","3":"status-publish","4":"format-standard","5":"has-post-thumbnail","7":"category-elsalvador"},"jetpack_featured_media_url":"https:\/\/www.newsmillenium.com\/wp-content\/uploads\/2020\/07\/marn-2019-logo-fondo-solido.png","amp_enabled":true,"_links":{"self":[{"href":"https:\/\/www.newsmillenium.com\/index.php\/wp-json\/wp\/v2\/posts\/1663","targetHints":{"allow":["GET"]}}],"collection":[{"href":"https:\/\/www.newsmillenium.com\/index.php\/wp-json\/wp\/v2\/posts"}],"about":[{"href":"https:\/\/www.newsmillenium.com\/index.php\/wp-json\/wp\/v2\/types\/post"}],"author":[{"embeddable":true,"href":"https:\/\/www.newsmillenium.com\/index.php\/wp-json\/wp\/v2\/users\/2"}],"replies":[{"embeddable":true,"href":"https:\/\/www.newsmillenium.com\/index.php\/wp-json\/wp\/v2\/comments?post=1663"}],"version-history":[{"count":1,"href":"https:\/\/www.newsmillenium.com\/index.php\/wp-json\/wp\/v2\/posts\/1663\/revisions"}],"predecessor-version":[{"id":1665,"href":"https:\/\/www.newsmillenium.com\/index.php\/wp-json\/wp\/v2\/posts\/1663\/revisions\/1665"}],"wp:featuredmedia":[{"embeddable":true,"href":"https:\/\/www.newsmillenium.com\/index.php\/wp-json\/wp\/v2\/media\/1664"}],"wp:attachment":[{"href":"https:\/\/www.newsmillenium.com\/index.php\/wp-json\/wp\/v2\/media?parent=1663"}],"wp:term":[{"taxonomy":"category","embeddable":true,"href":"https:\/\/www.newsmillenium.com\/index.php\/wp-json\/wp\/v2\/categories?post=1663"},{"taxonomy":"post_tag","embeddable":true,"href":"https:\/\/www.newsmillenium.com\/index.php\/wp-json\/wp\/v2\/tags?post=1663"}],"curies":[{"name":"wp","href":"https:\/\/api.w.org\/{rel}","templated":true}]}}