{"id":16090,"date":"2023-05-17T14:15:16","date_gmt":"2023-05-17T20:15:16","guid":{"rendered":"https:\/\/www.newsmillenium.com\/?p=16090"},"modified":"2023-05-17T14:15:19","modified_gmt":"2023-05-17T20:15:19","slug":"por-que-se-conmemora-el-17-de-mayo-el-dia-mundial-del-internet","status":"publish","type":"post","link":"https:\/\/www.newsmillenium.com\/index.php\/2023\/05\/17\/por-que-se-conmemora-el-17-de-mayo-el-dia-mundial-del-internet\/","title":{"rendered":"Por qu\u00e9 se conmemora el 17 de mayo el D\u00eda Mundial del Internet"},"content":{"rendered":"\n<p>NotiPress<\/p>\n\n\n\n<p>La primera celebraci\u00f3n del D\u00eda Mundial del Internet se realiz\u00f3 en octubre de 2005. Por otra parte, el 17 de mayo se conmemora el aniversario de la firma de la primera Convenci\u00f3n Telegr\u00e1fica Internacional y la creaci\u00f3n de la Uni\u00f3n Internacional de Telecomunicaciones (UIT).<\/p>\n\n\n\n<p>Bajo este contexto, la Cumbre de la Sociedad de la Informaci\u00f3n propuso a la Organizaci\u00f3n de las Naciones Unidas (ONU), la celebraci\u00f3n del D\u00eda Mundial del Internet para el 17 de mayo. La finalidad era empatarlo con el D\u00eda Mundial de las Telecomunicaciones que tiene m\u00e1s de 50 a\u00f1os de antig\u00fcedad.<\/p>\n\n\n\n<p><\/p>\n\n\n\n<p>Por lo tanto, el D\u00eda Mundial del Internet, es conocido formalmente como el D\u00eda Mundial de la Sociedad de la Informaci\u00f3n, es decir, se sincretiz\u00f3 en una sola fecha ambas celebraciones. Todos estos eventos, cumbres, reuniones y celebraciones, tienen como objetivo recordar, difundir y promover la transformaci\u00f3n y evoluci\u00f3n de las comunicaciones. Especialmente del internet en toda la sociedad, as\u00ed como potenciar la econom\u00eda basada en esta Red de Redes.<\/p>\n\n\n\n<p>Otros pa\u00edses que celebran este d\u00eda son Argentina, Espa\u00f1a, Chile, Colombia, Brasil, Ecuador y Per\u00fa. Mientras, en M\u00e9xico, la Asociaci\u00f3n de Internet MX es la entidad encargada de realizar diversos eventos con relaci\u00f3n a esta fecha en el pa\u00eds.<\/p>\n","protected":false},"excerpt":{"rendered":"<p>NotiPress La primera celebraci\u00f3n del D\u00eda Mundial del Internet se realiz\u00f3 en octubre de 2005. Por otra parte, el 17 de mayo se conmemora el aniversario de la firma de la primera Convenci\u00f3n Telegr\u00e1fica Internacional y la creaci\u00f3n de la Uni\u00f3n Internacional de Telecomunicaciones (UIT). Bajo este contexto, la Cumbre de la Sociedad de la [&hellip;]<\/p>\n","protected":false},"author":2,"featured_media":16091,"comment_status":"open","ping_status":"open","sticky":false,"template":"","format":"standard","meta":{"tdm_status":"","tdm_grid_status":"","footnotes":""},"categories":[2,12],"tags":[],"class_list":{"0":"post-16090","1":"post","2":"type-post","3":"status-publish","4":"format-standard","5":"has-post-thumbnail","7":"category-featured","8":"category-tecnologia-y-ciencia"},"jetpack_featured_media_url":"https:\/\/www.newsmillenium.com\/wp-content\/uploads\/2023\/05\/portada-1-2-dia-internacional-del-internet-.jpg","amp_enabled":true,"_links":{"self":[{"href":"https:\/\/www.newsmillenium.com\/index.php\/wp-json\/wp\/v2\/posts\/16090","targetHints":{"allow":["GET"]}}],"collection":[{"href":"https:\/\/www.newsmillenium.com\/index.php\/wp-json\/wp\/v2\/posts"}],"about":[{"href":"https:\/\/www.newsmillenium.com\/index.php\/wp-json\/wp\/v2\/types\/post"}],"author":[{"embeddable":true,"href":"https:\/\/www.newsmillenium.com\/index.php\/wp-json\/wp\/v2\/users\/2"}],"replies":[{"embeddable":true,"href":"https:\/\/www.newsmillenium.com\/index.php\/wp-json\/wp\/v2\/comments?post=16090"}],"version-history":[{"count":1,"href":"https:\/\/www.newsmillenium.com\/index.php\/wp-json\/wp\/v2\/posts\/16090\/revisions"}],"predecessor-version":[{"id":16092,"href":"https:\/\/www.newsmillenium.com\/index.php\/wp-json\/wp\/v2\/posts\/16090\/revisions\/16092"}],"wp:featuredmedia":[{"embeddable":true,"href":"https:\/\/www.newsmillenium.com\/index.php\/wp-json\/wp\/v2\/media\/16091"}],"wp:attachment":[{"href":"https:\/\/www.newsmillenium.com\/index.php\/wp-json\/wp\/v2\/media?parent=16090"}],"wp:term":[{"taxonomy":"category","embeddable":true,"href":"https:\/\/www.newsmillenium.com\/index.php\/wp-json\/wp\/v2\/categories?post=16090"},{"taxonomy":"post_tag","embeddable":true,"href":"https:\/\/www.newsmillenium.com\/index.php\/wp-json\/wp\/v2\/tags?post=16090"}],"curies":[{"name":"wp","href":"https:\/\/api.w.org\/{rel}","templated":true}]}}