{"id":14222,"date":"2023-01-26T07:32:21","date_gmt":"2023-01-26T13:32:21","guid":{"rendered":"https:\/\/www.newsmillenium.com\/?p=14222"},"modified":"2023-01-26T08:11:57","modified_gmt":"2023-01-26T14:11:57","slug":"cannabis-en-brasil-cuales-son-sus-perspectivas-de-legalizacion-y-mercad","status":"publish","type":"post","link":"https:\/\/www.newsmillenium.com\/index.php\/2023\/01\/26\/cannabis-en-brasil-cuales-son-sus-perspectivas-de-legalizacion-y-mercad\/","title":{"rendered":"Cannabis en Brasil: \u00bfCu\u00e1les son sus perspectivas de legalizaci\u00f3n y mercado?\ufffc"},"content":{"rendered":"\n<p>NotiPress<\/p>\n\n\n\n<p>Desde 2017, la legislaci\u00f3n de&nbsp;<strong>Brasil permite el uso medicinal de la marihuana<\/strong>, mediante la importaci\u00f3n de medicamentos derivados del cannabis. Seg\u00fan la plataforma de datos Statista,&nbsp;<a href=\"https:\/\/www.statista.com\/statistics\/1063768\/brazil-medical-cannabis-market-value-type\/\" target=\"_blank\" rel=\"noreferrer noopener\">el mercado del cannabis medicinal<\/a>&nbsp;en el pa\u00eds podr\u00eda alcanzar los&nbsp;<strong>229 millones de d\u00f3lares en 2028<\/strong>. No obstante, el uso de esta sustancia para otros fines y mercados a\u00fan no se despenaliza, por lo que algunos&nbsp;<strong>activistas piden trabajar desde un frente amplio por su legalizaci\u00f3n en 2023<\/strong>.<\/p>\n\n\n\n<p>As\u00ed lo menciona la columnista Anita Krepp, en el medio brasile\u00f1o Poder 360, donde asegura que&nbsp;<strong>el debate es necesario<\/strong>&nbsp;para lograr una&nbsp;<a href=\"https:\/\/www.poder360.com.br\/opiniao\/onde-esta-a-frente-ampla-da-cannabis\/\" target=\"_blank\" rel=\"noreferrer noopener\">legalizaci\u00f3n amplia y favorable<\/a>. Para ella, es necesario mantenerse activo ante la lentitud legislativa para aprobar las reformas legales propuestas para el uso del cannabis. Incluso menciona la&nbsp;<strong>alternativa de legalizaci\u00f3n mediante un decreto presidencial<\/strong>&nbsp;del nuevo mandatario Luiz In\u00e1cio Lula da Silva, aunque reconoce, se trata de un escenario muy improbable.<\/p>\n\n\n\n<p>Despu\u00e9s de la legalizaci\u00f3n del cannabis medicinal en 2017, el Supremo Tribunal de Justicia de Brasil autoriz\u00f3 por primera vez el&nbsp;<a href=\"https:\/\/www.dw.com\/es\/brasil-tribunal-autoriza-por-primera-vez-cultivo-de-cannabis\/a-62135333\" target=\"_blank\" rel=\"noreferrer noopener\">cultivo de marihuana<\/a>&nbsp;en junio de 2022 y sent\u00f3 un precedente para jueces de instancias inferiores. Seg\u00fan medios internacionales, el tribunal brasile\u00f1o otorg\u00f3 un salvoconducto a tres demandantes, quienes buscaban cultivar artesanalmente cannabis para extraer cannabidiol (CBD). Este salvoconducto permitir\u00eda a los demandantes&nbsp;<strong>cultivar la planta sin correr riesgo legal<\/strong>, bajo la condici\u00f3n de usarla en beneficio propio y con la respectiva prescripci\u00f3n m\u00e9dica.<\/p>\n\n\n\n<p>Tambi\u00e9n en 2017,&nbsp;<strong>Paulo Teixeira<\/strong>, el ahora ministro de desarrollo agrario, entonces diputado, present\u00f3 un proyecto de&nbsp;<a href=\"https:\/\/ladiaria.com.uy\/mundo\/articulo\/2023\/1\/nuevo-ministro-de-desarrollo-agrario-de-brasil-la-carta-que-se-juega-el-cannabis-legal\/\" target=\"_blank\" rel=\"noreferrer noopener\">ley para regular el cannabis<\/a>&nbsp;de manera similar a Uruguay. La propuesta de Teixeira tambi\u00e9n contemplaba&nbsp;<strong>salir de la estrategia de guerra contra las drogas y legalizar el uso l\u00fadico<\/strong>, permitiendo portar hasta 40 gramos de marihuana, seg\u00fan la prensa internacional. No obstante, su aprobaci\u00f3n depende de un congreso dividido y la iniciativa podr\u00eda avanzar o no durante el mandato de Lula da Silva.<\/p>\n\n\n\n<p>Durante su campa\u00f1a, el entonces precandidato presidencial declar\u00f3 que el gobierno deber\u00eda actuar para abaratar el acceso a los medicamentos&nbsp;<a href=\"https:\/\/notipress.mx\/internacional\/lula-elecciones-brasil-regulacion-de-drogas-12467\" target=\"_blank\" rel=\"noreferrer noopener\">basados en cannabis<\/a>&nbsp;ya legales. No obstante, sobre el uso recreativo, consider\u00f3 necesario&nbsp;<strong>escuchar la voz de los expertos, sobre los riesgos de adicci\u00f3n y secuelas<\/strong>&nbsp;en las funciones cognitivas del consumo de marihuana.<\/p>\n\n\n\n<p>El panorama de&nbsp;<strong>legalizar el uso l\u00fadico de la marihuana en Brasil<\/strong>&nbsp;es complejo a\u00fan, pero a la vez se espera un crecimiento econ\u00f3mico en el ya legal mercado del cannabis medicinal. Ante esto, activistas llaman a consolidar un frente unido para influir en las pol\u00edticas p\u00fablicas que regulan su uso.<\/p>\n","protected":false},"excerpt":{"rendered":"<p>NotiPress Desde 2017, la legislaci\u00f3n de&nbsp;Brasil permite el uso medicinal de la marihuana, mediante la importaci\u00f3n de medicamentos derivados del cannabis. Seg\u00fan la plataforma de datos Statista,&nbsp;el mercado del cannabis medicinal&nbsp;en el pa\u00eds podr\u00eda alcanzar los&nbsp;229 millones de d\u00f3lares en 2028. No obstante, el uso de esta sustancia para otros fines y mercados a\u00fan no [&hellip;]<\/p>\n","protected":false},"author":2,"featured_media":14223,"comment_status":"open","ping_status":"open","sticky":false,"template":"","format":"standard","meta":{"tdm_status":"","tdm_grid_status":"","footnotes":""},"categories":[17,3,7],"tags":[],"class_list":{"0":"post-14222","1":"post","2":"type-post","3":"status-publish","4":"format-standard","5":"has-post-thumbnail","7":"category-excelencia-empresarial","8":"category-internacional","9":"category-salud"},"jetpack_featured_media_url":"https:\/\/www.newsmillenium.com\/wp-content\/uploads\/2023\/01\/portada-2-cannabis.jpg","amp_enabled":true,"_links":{"self":[{"href":"https:\/\/www.newsmillenium.com\/index.php\/wp-json\/wp\/v2\/posts\/14222","targetHints":{"allow":["GET"]}}],"collection":[{"href":"https:\/\/www.newsmillenium.com\/index.php\/wp-json\/wp\/v2\/posts"}],"about":[{"href":"https:\/\/www.newsmillenium.com\/index.php\/wp-json\/wp\/v2\/types\/post"}],"author":[{"embeddable":true,"href":"https:\/\/www.newsmillenium.com\/index.php\/wp-json\/wp\/v2\/users\/2"}],"replies":[{"embeddable":true,"href":"https:\/\/www.newsmillenium.com\/index.php\/wp-json\/wp\/v2\/comments?post=14222"}],"version-history":[{"count":1,"href":"https:\/\/www.newsmillenium.com\/index.php\/wp-json\/wp\/v2\/posts\/14222\/revisions"}],"predecessor-version":[{"id":14224,"href":"https:\/\/www.newsmillenium.com\/index.php\/wp-json\/wp\/v2\/posts\/14222\/revisions\/14224"}],"wp:featuredmedia":[{"embeddable":true,"href":"https:\/\/www.newsmillenium.com\/index.php\/wp-json\/wp\/v2\/media\/14223"}],"wp:attachment":[{"href":"https:\/\/www.newsmillenium.com\/index.php\/wp-json\/wp\/v2\/media?parent=14222"}],"wp:term":[{"taxonomy":"category","embeddable":true,"href":"https:\/\/www.newsmillenium.com\/index.php\/wp-json\/wp\/v2\/categories?post=14222"},{"taxonomy":"post_tag","embeddable":true,"href":"https:\/\/www.newsmillenium.com\/index.php\/wp-json\/wp\/v2\/tags?post=14222"}],"curies":[{"name":"wp","href":"https:\/\/api.w.org\/{rel}","templated":true}]}}