{"id":13445,"date":"2022-11-24T07:42:05","date_gmt":"2022-11-24T13:42:05","guid":{"rendered":"https:\/\/www.newsmillenium.com\/?p=13445"},"modified":"2022-11-24T09:27:45","modified_gmt":"2022-11-24T15:27:45","slug":"se-inauguro-el-surf-city-el-salvador-alas-pro-tour-202","status":"publish","type":"post","link":"https:\/\/www.newsmillenium.com\/index.php\/2022\/11\/24\/se-inauguro-el-surf-city-el-salvador-alas-pro-tour-202\/","title":{"rendered":"SE INAUGUR\u00d3 EL SURF CITY EL SALVADOR ALAS PRO TOUR 2022\ufffc"},"content":{"rendered":"\n<p>Con el desfile de las 15 banderas de los pa\u00edses participantes, se inaugur\u00f3 el Surf City El Salvador ALAS Pro Tour 2022, que tiene como sede la playa Las Flores, San Miguel.<\/p>\n\n\n\n<p>La ceremonia inaugural fue presidida por la ministra de Turismo, Morena Valdez; el presidente de la Asociaci\u00f3n Latinoamericana de Surfistas Profesionales (ALAS), Karin Sierralta, y el presidente de la Federaci\u00f3n Salvadore\u00f1a de Surf, Jos\u00e9 D\u00edaz.<\/p>\n\n\n\n<p>Durante su intervenci\u00f3n, la ministra Valdez destac\u00f3 el trabajo que realiza en coordinaci\u00f3n con el Instituto Nacional de los Deportes de El Salvador (INDES), para promover el deporte en todo el pa\u00eds, de manera particular el surf, lo cual se ve reflejado en la cantidad de j\u00f3venes salvadore\u00f1os que est\u00e1n participando en la \u00faltima fecha del Circuito ALAS Pro Tour.<\/p>\n\n\n\n<p>&#8220;Hoy contamos con muchos talentos participando en este ALAS, hay muchos talentosos j\u00f3venes que estamos promoviendo, y es a lo que le est\u00e1 apostando el Presidente de la Rep\u00fablica, Nayib Bukele. Lo estamos haciendo a trav\u00e9s del desarrollo tur\u00edstico en toda la zona costera y ahora en oriente, como instituciones p\u00fablicas&#8221;, manifest\u00f3 Moreno.&nbsp;<\/p>\n\n\n\n<p>Por su parte, Sierralta expres\u00f3 su agradecimiento al Gobierno de El Salvador por la buena organizaci\u00f3n de este y otros eventos de surf que se han desarrollado en el pa\u00eds.&nbsp;<\/p>\n\n\n\n<p>&#8220;Nos sentimos felices y orgullosos de venir a El Salvador cada a\u00f1o, este en especial porque cierra el Tour. C\u00f3mo organizaci\u00f3n nos satisface que este pa\u00eds sea sede de nuestros eventos, y no solo por la calidad de olas y la hospitalidad de los salvadore\u00f1os, sino tambi\u00e9n por la infraestructura que instalan en cada evento. Le agradezco al Presidente Bukele porque no escatima para organizar estos eventos&#8221;, asegur\u00f3 presidente de ALAS.<\/p>\n\n\n\n<p>El evento cuenta con la participaci\u00f3n de 113 atletas provenientes de Argentina, Chile, Colombia, Costa Rica, Ecuador, El Salvador, Estados Unidos, Guatemala, M\u00e9xico, Nicaragua, Panam\u00e1, Per\u00fa, Puerto Rico, Uruguay&nbsp; y Venezuela.<\/p>\n\n\n\n<p>Surf City El Salvador ALAS Pro Tour 2022 ser\u00e1 el cierre del Ranking 2022 del Tour ALAS, donde se conocer\u00e1n a los ganadores de las categor\u00edas: open femenino, open masculino, junior y longboard.&nbsp;<\/p>\n\n\n\n<p>Las competencias se desarrollar\u00e1n del 23 al 26 de noviembre, entre 8:00 a.m. y 5:00 p.m. Al mismo tiempo se desarrollar\u00e1n actividades diversas como escultor de arenas, estaci\u00f3n de juegos, photobooth, talleres de a\u00f1il, entre otras. Y luego, despu\u00e9s de las 5:00 p.m, se podr\u00e1 disfrutar de otros eventos como: show de baile con tambores y malabaristas, carnavalito, loter\u00eda night, karaoke y m\u00e1s.<\/p>\n","protected":false},"excerpt":{"rendered":"<p>Con el desfile de las 15 banderas de los pa\u00edses participantes, se inaugur\u00f3 el Surf City El Salvador ALAS Pro Tour 2022, que tiene como sede la playa Las Flores, San Miguel. La ceremonia inaugural fue presidida por la ministra de Turismo, Morena Valdez; el presidente de la Asociaci\u00f3n Latinoamericana de Surfistas Profesionales (ALAS), Karin [&hellip;]<\/p>\n","protected":false},"author":2,"featured_media":13446,"comment_status":"open","ping_status":"open","sticky":false,"template":"","format":"standard","meta":{"tdm_status":"","tdm_grid_status":"","footnotes":""},"categories":[5],"tags":[],"class_list":{"0":"post-13445","1":"post","2":"type-post","3":"status-publish","4":"format-standard","5":"has-post-thumbnail","7":"category-deportes"},"jetpack_featured_media_url":"https:\/\/www.newsmillenium.com\/wp-content\/uploads\/2022\/11\/portada-1-SURF-CITY-EL-SALVADOR-ALAS-PRO-TOUR-1.jpg","amp_enabled":true,"_links":{"self":[{"href":"https:\/\/www.newsmillenium.com\/index.php\/wp-json\/wp\/v2\/posts\/13445","targetHints":{"allow":["GET"]}}],"collection":[{"href":"https:\/\/www.newsmillenium.com\/index.php\/wp-json\/wp\/v2\/posts"}],"about":[{"href":"https:\/\/www.newsmillenium.com\/index.php\/wp-json\/wp\/v2\/types\/post"}],"author":[{"embeddable":true,"href":"https:\/\/www.newsmillenium.com\/index.php\/wp-json\/wp\/v2\/users\/2"}],"replies":[{"embeddable":true,"href":"https:\/\/www.newsmillenium.com\/index.php\/wp-json\/wp\/v2\/comments?post=13445"}],"version-history":[{"count":1,"href":"https:\/\/www.newsmillenium.com\/index.php\/wp-json\/wp\/v2\/posts\/13445\/revisions"}],"predecessor-version":[{"id":13447,"href":"https:\/\/www.newsmillenium.com\/index.php\/wp-json\/wp\/v2\/posts\/13445\/revisions\/13447"}],"wp:featuredmedia":[{"embeddable":true,"href":"https:\/\/www.newsmillenium.com\/index.php\/wp-json\/wp\/v2\/media\/13446"}],"wp:attachment":[{"href":"https:\/\/www.newsmillenium.com\/index.php\/wp-json\/wp\/v2\/media?parent=13445"}],"wp:term":[{"taxonomy":"category","embeddable":true,"href":"https:\/\/www.newsmillenium.com\/index.php\/wp-json\/wp\/v2\/categories?post=13445"},{"taxonomy":"post_tag","embeddable":true,"href":"https:\/\/www.newsmillenium.com\/index.php\/wp-json\/wp\/v2\/tags?post=13445"}],"curies":[{"name":"wp","href":"https:\/\/api.w.org\/{rel}","templated":true}]}}