{"id":13274,"date":"2022-11-10T12:44:47","date_gmt":"2022-11-10T18:44:47","guid":{"rendered":"https:\/\/www.newsmillenium.com\/?p=13274"},"modified":"2022-11-10T12:44:50","modified_gmt":"2022-11-10T18:44:50","slug":"presidente-nayib-bukele-anuncia-el-inicio-de-las-negociaciones-para-el-tratado-de-libre-comercio-con-la-republica-popular-china","status":"publish","type":"post","link":"https:\/\/www.newsmillenium.com\/index.php\/2022\/11\/10\/presidente-nayib-bukele-anuncia-el-inicio-de-las-negociaciones-para-el-tratado-de-libre-comercio-con-la-republica-popular-china\/","title":{"rendered":"Presidente Nayib Bukele anuncia el inicio de las negociaciones para el Tratado de Libre Comercio con la Rep\u00fablica Popular China"},"content":{"rendered":"\n<p>El Presidente de la Rep\u00fablica, Nayib Bukele, anunci\u00f3 el inicio de las negociaciones para firmar un Tratado de Libre Comercio (TLC) con la Rep\u00fablica Popular China, iniciativa que generar\u00e1 oportunidades en materia econ\u00f3mica para empresarios, emprendedores y todos los sectores productivos del pa\u00eds.<\/p>\n\n\n\n<p>\u201cHemos iniciado las conversaciones para firmar, lo antes posible, un Tratado de Libre Comercio entre China y El Salvador\u201d, afirm\u00f3 el Presidente Bukele.<\/p>\n\n\n\n<p>Adem\u00e1s, destac\u00f3 que la Rep\u00fablica Popular China es reconocida como la segunda potencia econ\u00f3mica del mundo, por lo que el Tratado de Libre Comercio va a impulsar las condiciones para la generaci\u00f3n de oportunidades para todos los sectores y ratifica las buenas relaciones que existen entre ambas naciones.<\/p>\n\n\n\n<p>El Presidente Bukele record\u00f3 que El Salvador hab\u00eda estado, por a\u00f1os, aislado a estos beneficios para la econom\u00eda, el comercio y la producci\u00f3n nacional; pero ahora, esta realidad cambiar\u00e1 como resultado de la excelente relaci\u00f3n con la Rep\u00fablica Popular China en los \u00faltimos a\u00f1os y al intercambio comercial que ha crecido.<\/p>\n\n\n\n<p>\u201cSon esas oportunidades que no vienen todos los d\u00edas, no todo los d\u00edas se anuncia un Tratado de Libre Comercio y mucho menos con una potencia como es la Rep\u00fablica Popular China; vamos a negociar un TLC y se har\u00e1 en una v\u00eda r\u00e1pida, para tener lo m\u00e1s pronto posible la firma y el beneficio de este tratado, que va a tener un abanico de oportunidades para los salvadore\u00f1os,empresas, emprendedores, agricultores, industriales y a todos los que quieran sacarle provecho a estas grandes oportunidades que se van a abrir en materia econ\u00f3mica\u201d, coment\u00f3 el Jefe de Estado.<\/p>\n\n\n\n<p>El Presidente Bukele enfatiz\u00f3 la importancia de que El Salvador debe abrirse al mundo, medida que se est\u00e1 logrando desde el inicio de su administraci\u00f3n. \u201cDebemos entender que las oportunidades est\u00e1n en muchos lados y debemos tomarlas todas, porque esto nos llevar\u00e1 al desarrollo que queremos\u201d, afirm\u00f3.<\/p>\n\n\n\n<p>\u201cSi pudi\u00e9ramos poner a trabajar a El Salvador de punta a punta, cubriendo la industria, agricultura y agroindustria, no pudi\u00e9ramos cubrir ni el 2 % de ese mercado, la oportunidad es grande, est\u00e1 en nosotros aprovecharla\u201d, enfatiz\u00f3.<\/p>\n\n\n\n<p>La embajadora de la Rep\u00fablica Popular China en El Salvador, Ou Jianhong, confirm\u00f3 el anuncio del Presidente Nayib Bukele, ya que se inicia pronto con el proceso de negociaci\u00f3n del Tratado de Libre Comercio entre ambas naciones.<\/p>\n\n\n\n<p>\u201cLa parte China est\u00e1 dispuesta a trabajar mano a mano con la parte salvadore\u00f1a, en aras de promover las prontas negociaciones, con el fin de unir los lazos econ\u00f3micos, comerciales y de inversi\u00f3n sobre los dos pa\u00edses\u201d, afirm\u00f3 la diplom\u00e1tica.<\/p>\n\n\n\n<p>El Gobierno del Presidente Bukele est\u00e1 comprometido con la econom\u00eda y el desarrollo de El Salvador, por lo que trabaja para generar mejores oportunidades para la ciudadan\u00eda, con la finalidad de construir el pa\u00eds que los salvadore\u00f1os sue\u00f1an, con mayor desarrollo social y econ\u00f3mico.<\/p>\n","protected":false},"excerpt":{"rendered":"<p>El Presidente de la Rep\u00fablica, Nayib Bukele, anunci\u00f3 el inicio de las negociaciones para firmar un Tratado de Libre Comercio (TLC) con la Rep\u00fablica Popular China, iniciativa que generar\u00e1 oportunidades en materia econ\u00f3mica para empresarios, emprendedores y todos los sectores productivos del pa\u00eds. \u201cHemos iniciado las conversaciones para firmar, lo antes posible, un Tratado de [&hellip;]<\/p>\n","protected":false},"author":2,"featured_media":13275,"comment_status":"open","ping_status":"open","sticky":false,"template":"","format":"standard","meta":{"tdm_status":"","tdm_grid_status":"","footnotes":""},"categories":[4],"tags":[],"class_list":{"0":"post-13274","1":"post","2":"type-post","3":"status-publish","4":"format-standard","5":"has-post-thumbnail","7":"category-elsalvador"},"jetpack_featured_media_url":"https:\/\/www.newsmillenium.com\/wp-content\/uploads\/2022\/11\/portada-2-NB-donacion-china1.jpg","amp_enabled":true,"_links":{"self":[{"href":"https:\/\/www.newsmillenium.com\/index.php\/wp-json\/wp\/v2\/posts\/13274","targetHints":{"allow":["GET"]}}],"collection":[{"href":"https:\/\/www.newsmillenium.com\/index.php\/wp-json\/wp\/v2\/posts"}],"about":[{"href":"https:\/\/www.newsmillenium.com\/index.php\/wp-json\/wp\/v2\/types\/post"}],"author":[{"embeddable":true,"href":"https:\/\/www.newsmillenium.com\/index.php\/wp-json\/wp\/v2\/users\/2"}],"replies":[{"embeddable":true,"href":"https:\/\/www.newsmillenium.com\/index.php\/wp-json\/wp\/v2\/comments?post=13274"}],"version-history":[{"count":1,"href":"https:\/\/www.newsmillenium.com\/index.php\/wp-json\/wp\/v2\/posts\/13274\/revisions"}],"predecessor-version":[{"id":13276,"href":"https:\/\/www.newsmillenium.com\/index.php\/wp-json\/wp\/v2\/posts\/13274\/revisions\/13276"}],"wp:featuredmedia":[{"embeddable":true,"href":"https:\/\/www.newsmillenium.com\/index.php\/wp-json\/wp\/v2\/media\/13275"}],"wp:attachment":[{"href":"https:\/\/www.newsmillenium.com\/index.php\/wp-json\/wp\/v2\/media?parent=13274"}],"wp:term":[{"taxonomy":"category","embeddable":true,"href":"https:\/\/www.newsmillenium.com\/index.php\/wp-json\/wp\/v2\/categories?post=13274"},{"taxonomy":"post_tag","embeddable":true,"href":"https:\/\/www.newsmillenium.com\/index.php\/wp-json\/wp\/v2\/tags?post=13274"}],"curies":[{"name":"wp","href":"https:\/\/api.w.org\/{rel}","templated":true}]}}