{"id":13086,"date":"2022-10-31T07:13:37","date_gmt":"2022-10-31T13:13:37","guid":{"rendered":"https:\/\/www.newsmillenium.com\/?p=13086"},"modified":"2022-10-31T07:21:02","modified_gmt":"2022-10-31T13:21:02","slug":"gabriella-izaguirre-logra-bronce-mundial-para-el-karate-salvadoren","status":"publish","type":"post","link":"https:\/\/www.newsmillenium.com\/index.php\/2022\/10\/31\/gabriella-izaguirre-logra-bronce-mundial-para-el-karate-salvadoren\/","title":{"rendered":"GABRIELLA IZAGUIRRE LOGRA BRONCE MUNDIAL PARA EL KARATE SALVADORE\u00d1O\ufffc"},"content":{"rendered":"\n<p>Gabriella Izaguirre, beneficiaria del Programa Esfuerzo y Gloria del INDES, super\u00f3 a&nbsp; la canadiense Yamina Lahyanssa y gan\u00f3 la medalla de bronce en la modalidad kumite, categor\u00eda -50 kilogramos&nbsp; U21, del Campeonato Mundial Cadete, Junior y U21 de Karate 2022, que se desarrolla en Konya, Turqu\u00eda.&nbsp;<\/p>\n\n\n\n<p>En el combate por el tercer lugar ninguna de las karatecas sum\u00f3 puntos por lo que la ganadora se defini\u00f3 por tres banderas contra dos a favor de la salvadore\u00f1a, seg\u00fan inform\u00f3 el entrenador Williams Serrano.<\/p>\n\n\n\n<p>De esta forma, Gaby Izaguirre escribe su nombre como la primera representante femenina del&nbsp;karate salvadore\u00f1o en subirse a un podio mundial, adem\u00e1s de<\/p>\n\n\n\n<p>aportar la segunda presea de bronce mundial para su deporte, ya que hace nueve a\u00f1os Jorge Merino obtuvo tercer lugar en el Campeonato Mundial Juvenil de Karate Do realizado en Guadalajara, Espa\u00f1a.<\/p>\n\n\n\n<p>La atleta de 20 a\u00f1os de edad, quien ha estado ligada al karate durante 16, tambi\u00e9n refrenda su estatus como la m\u00e1xima figura femenina del karate salvadore\u00f1o y logra otra haza\u00f1a luego de ser la primera karateca salvadore\u00f1a que logr\u00f3 ubicarse en un&nbsp;top cinco U21 en el ranking mundial de este deporte.<\/p>\n\n\n\n<p>En septiembre reci\u00e9n pasado, Izaguirre logr\u00f3 ubicarse en el quinto lugar en la modalidad kumite -50 kilogramos, en la categor\u00eda U21 del ranking mundial de karate y era la segunda mejor ranqueada del continente.<\/p>\n\n\n\n<p>Para Gabriella Izaguirre fue su tercero y \u00faltimo mundial juvenil, ya que est\u00e1 en transici\u00f3n a selecci\u00f3n mayor.<\/p>\n","protected":false},"excerpt":{"rendered":"<p>Gabriella Izaguirre, beneficiaria del Programa Esfuerzo y Gloria del INDES, super\u00f3 a&nbsp; la canadiense Yamina Lahyanssa y gan\u00f3 la medalla de bronce en la modalidad kumite, categor\u00eda -50 kilogramos&nbsp; U21, del Campeonato Mundial Cadete, Junior y U21 de Karate 2022, que se desarrolla en Konya, Turqu\u00eda.&nbsp; En el combate por el tercer lugar ninguna de [&hellip;]<\/p>\n","protected":false},"author":2,"featured_media":13087,"comment_status":"open","ping_status":"open","sticky":false,"template":"","format":"standard","meta":{"tdm_status":"","tdm_grid_status":"","footnotes":""},"categories":[4],"tags":[],"class_list":{"0":"post-13086","1":"post","2":"type-post","3":"status-publish","4":"format-standard","5":"has-post-thumbnail","7":"category-elsalvador"},"jetpack_featured_media_url":"https:\/\/www.newsmillenium.com\/wp-content\/uploads\/2022\/10\/portada-1-karate.jpg","amp_enabled":true,"_links":{"self":[{"href":"https:\/\/www.newsmillenium.com\/index.php\/wp-json\/wp\/v2\/posts\/13086","targetHints":{"allow":["GET"]}}],"collection":[{"href":"https:\/\/www.newsmillenium.com\/index.php\/wp-json\/wp\/v2\/posts"}],"about":[{"href":"https:\/\/www.newsmillenium.com\/index.php\/wp-json\/wp\/v2\/types\/post"}],"author":[{"embeddable":true,"href":"https:\/\/www.newsmillenium.com\/index.php\/wp-json\/wp\/v2\/users\/2"}],"replies":[{"embeddable":true,"href":"https:\/\/www.newsmillenium.com\/index.php\/wp-json\/wp\/v2\/comments?post=13086"}],"version-history":[{"count":1,"href":"https:\/\/www.newsmillenium.com\/index.php\/wp-json\/wp\/v2\/posts\/13086\/revisions"}],"predecessor-version":[{"id":13088,"href":"https:\/\/www.newsmillenium.com\/index.php\/wp-json\/wp\/v2\/posts\/13086\/revisions\/13088"}],"wp:featuredmedia":[{"embeddable":true,"href":"https:\/\/www.newsmillenium.com\/index.php\/wp-json\/wp\/v2\/media\/13087"}],"wp:attachment":[{"href":"https:\/\/www.newsmillenium.com\/index.php\/wp-json\/wp\/v2\/media?parent=13086"}],"wp:term":[{"taxonomy":"category","embeddable":true,"href":"https:\/\/www.newsmillenium.com\/index.php\/wp-json\/wp\/v2\/categories?post=13086"},{"taxonomy":"post_tag","embeddable":true,"href":"https:\/\/www.newsmillenium.com\/index.php\/wp-json\/wp\/v2\/tags?post=13086"}],"curies":[{"name":"wp","href":"https:\/\/api.w.org\/{rel}","templated":true}]}}