{"id":12622,"date":"2022-10-04T11:11:31","date_gmt":"2022-10-04T17:11:31","guid":{"rendered":"https:\/\/www.newsmillenium.com\/?p=12622"},"modified":"2022-10-04T11:36:48","modified_gmt":"2022-10-04T17:36:48","slug":"adios-al-cubrebocas-en-estos-estados-su-uso-ya-es-voluntari","status":"publish","type":"post","link":"https:\/\/www.newsmillenium.com\/index.php\/2022\/10\/04\/adios-al-cubrebocas-en-estos-estados-su-uso-ya-es-voluntari\/","title":{"rendered":"\u00bfAdi\u00f3s al cubrebocas? En estos estados su uso ya es voluntario \ufffc"},"content":{"rendered":"\n<p>NotiPress<\/p>\n\n\n\n<p>La&nbsp;<strong>pandemia de Covid-19 en M\u00e9xico<\/strong>&nbsp;acumul\u00f3, a finales de septiembre, once semanas de&nbsp;<a href=\"https:\/\/notipress.mx\/vida\/panorama-covid-19-mexico-inicio-otono-2022-12403\" target=\"_blank\" rel=\"noreferrer noopener\">reducci\u00f3n continua<\/a>&nbsp;de casos nuevos, seg\u00fan datos del gobierno federal. Frente a esta perspectiva favorable, varios estados de la rep\u00fablica mexicana han replanteado sus medidas del uso del cubrebocas. Diversas entidades han decidido&nbsp;<strong>decretar el uso de cubrebocas como una medida voluntaria<\/strong>, permaneciendo su uso obligatorio para algunos casos espec\u00edficos, como se detalla a continuaci\u00f3n.<\/p>\n\n\n\n<p><strong>Sinaloa<\/strong>&nbsp;<a href=\"https:\/\/www.facebook.com\/sinaloagobmx\/videos\/1380592202470639\/\" target=\"_blank\" rel=\"noreferrer noopener\">anunci\u00f3<\/a>&nbsp;el 3 de octubre de 2022 que el&nbsp;<strong>uso de cubrebocas dejar\u00eda de ser obligatorio en espacios cerrados y abiertos<\/strong>, ante la disminuci\u00f3n de contagios y de la mortalidad por Covid-19. La obligatoriedad del mismo permanecer\u00e1 \u00fanicamente en hospitales, detall\u00f3 en la conferencia semanal del gobierno del estado, el secretario de salud de Sinaloa Cuitl\u00e1huac Gonz\u00e1lez Galindo. Igualmente, se seguir\u00e1 mandando su uso en&nbsp;<strong>pacientes inmunosuprimidos<\/strong>&nbsp;y contin\u00faan&nbsp;<strong>recomendando su uso para personas con cuadros gripales<\/strong>.<\/p>\n\n\n\n<p><strong>Quer\u00e9taro<\/strong>&nbsp;tambi\u00e9n&nbsp;<a href=\"https:\/\/youtu.be\/JWwjdbLxqZw\" target=\"_blank\" rel=\"noreferrer noopener\">comparti\u00f3<\/a>&nbsp;su decisi\u00f3n de retirar el uso obligatorio de mascarillas, el 2 de octubre, tras volver a permitir la apertura de los aforos al cien por ciento en el estado. No obstante, remarc\u00f3 que el virus contin\u00faa en circulaci\u00f3n y sugiri\u00f3&nbsp;<strong>realizar el retiro de cubrebocas de manera paulatina<\/strong>.<\/p>\n\n\n\n<p>En&nbsp;<strong>Baja California Sur<\/strong>&nbsp;igualmente&nbsp;<a href=\"https:\/\/coronavirus.bcs.gob.mx\/determina-comite-de-salud-que-el-uso-de-cubrebocas-sea-opcional-en-bcs\/\" target=\"_blank\" rel=\"noreferrer noopener\">se tom\u00f3<\/a>&nbsp;esta medida, aunque se determin\u00f3 continuar con su&nbsp;<strong>uso obligatorio en unidades de salud, aeropuertos y aulas<\/strong>. Esto para &#8220;reducir riesgos a personas m\u00e1s vulnerables y para dar oportunidad de incrementar la cobertura de vacunaci\u00f3n en menores de edad&#8221;. La recomendaci\u00f3n de uso tambi\u00e9n permanece para los grupos de riesgo, es decir, embarazadas, adultos mayores, pacientes inmunocomprometidos y en casos de fiebre o s\u00edntomas respiratorios.<\/p>\n\n\n\n<p><strong>Yucat\u00e1n tambi\u00e9n&nbsp;<\/strong><a href=\"https:\/\/www.yucatan.gob.mx\/saladeprensa\/ver_nota.php?id=6770\" target=\"_blank\" rel=\"noreferrer noopener\"><strong>decidi\u00f3<\/strong><\/a><strong>&nbsp;calificar de voluntario el uso cubrebocas<\/strong>&nbsp;a partir del 26 de septiembre, aunque se seguir\u00e1 requiriendo su utilizaci\u00f3n en hospitales, centros de salud, unidades m\u00e9dicas y transporte p\u00fablico. A manera de prevenci\u00f3n, continuar\u00e1 recomend\u00e1ndose el uso en la poblaci\u00f3n con comorbilidades, de forma similar a los estados ya mencionados.&nbsp;<strong>Coahuila&nbsp;<\/strong><a href=\"https:\/\/coahuila.gob.mx\/noticias\/index\/en-coahuila-el-uso-de-cubrebocas-deja-de-ser-obligatorio-mars-19-09-22\" target=\"_blank\" rel=\"noreferrer noopener\"><strong>levant\u00f3<\/strong><\/a><strong>&nbsp;tambi\u00e9n la obligatoriedad de las mascarillas<\/strong>, permaneciendo su uso como un &#8220;proceso no obligatorio&#8221;, con excepciones similares a las ya se\u00f1aladas.<\/p>\n\n\n\n<p>Durante septiembre,&nbsp;<strong>San Luis Potos\u00ed<\/strong>&nbsp;tambi\u00e9n&nbsp;<a href=\"https:\/\/www.elsoldesanluis.com.mx\/local\/uso-de-cubrebocas-sera-opcional-en-san-luis-potosi-a-partir-del-19-de-septiembre-8898709.html\" target=\"_blank\" rel=\"noreferrer noopener\">etiquet\u00f3<\/a>&nbsp;como opcional el uso de cubrebocas, manteniendo la&nbsp;<strong>recomendaci\u00f3n de usarlo en espacios cerrados y transporte p\u00fablico<\/strong>, y en poblaci\u00f3n vulnerable. Jalisco realiz\u00f3 lo mismo y permanece como requisito en transporte p\u00fablico, hospitales y unidades m\u00e9dicas. Medios nacionales tambi\u00e9n&nbsp;<a href=\"https:\/\/www.proceso.com.mx\/nacional\/estados\/2022\/9\/13\/barbosa-declara-voluntario-el-uso-del-cubrebocas-asi-se-va-quedar-ya-293207.html\" target=\"_blank\" rel=\"noreferrer noopener\">han replicado<\/a>&nbsp;declaraciones del gobernador de Puebla Miguel Barbosa, quien se\u00f1al\u00f3, en dicho mes, que la utilizaci\u00f3n de tapabocas ser\u00eda voluntaria.<\/p>\n\n\n\n<p>Con mayor anterioridad, el uso del cubrebocas&nbsp;<a href=\"https:\/\/twitter.com\/sesa_qroo\/status\/1524440922322345984?lang=es\" target=\"_blank\" rel=\"noreferrer noopener\">se volvi\u00f3 voluntario<\/a>&nbsp;en&nbsp;<strong>Quintana Roo<\/strong>, desde el 10 de mayo, recomendando a\u00fan usarlo en espacios cerrados, en aglomeraciones, y en trabajos de atenci\u00f3n al p\u00fablico. El primero de abril la&nbsp;<strong>Ciudad de M\u00e9xico procedi\u00f3 a&nbsp;<\/strong><a href=\"https:\/\/www.salud.cdmx.gob.mx\/acuerdos\/acuerdo-02-01re-2022\" target=\"_blank\" rel=\"noreferrer noopener\"><strong>acordar el uso voluntario<\/strong><\/a><strong>&nbsp;del tapabocas<\/strong>, con la recomendaci\u00f3n de utilizarlo en escuelas, oficinas, transporte p\u00fablico, espacios cerrados o poco ventilados y en aglomeraciones. Igualmente en casos de poblaci\u00f3n de mayor riesgo y en casos sospechosos o confirmados de Covid-19.<\/p>\n\n\n\n<p>Conforme avanza el combate a la pandemia, y se transita hacia estados m\u00e1s favorables en cuanto a la disminuci\u00f3n de contagios, las&nbsp;<strong>medidas preventivas de la Covid-19 van adapt\u00e1ndose<\/strong>. En este caso, que se prev\u00e9&nbsp;<a href=\"https:\/\/notipress.mx\/actualidad\/final-de-la-pandemia-de-covid-19-12305\" target=\"_blank\" rel=\"noreferrer noopener\">un fin pr\u00f3ximo de la pandemia<\/a>, muchos estados han decidido&nbsp;<strong>etiquetar el uso de cubrebocas no como obligatorio, sino como voluntario<\/strong>, en una gran variedad de situaciones. Pese al panorama favorable, las entidades de salud internacionales llaman a continuar con los esfuerzos de combate a la enfermedad, principalmente para evitar la aparici\u00f3n de nuevas variantes.<\/p>\n","protected":false},"excerpt":{"rendered":"<p>NotiPress La&nbsp;pandemia de Covid-19 en M\u00e9xico&nbsp;acumul\u00f3, a finales de septiembre, once semanas de&nbsp;reducci\u00f3n continua&nbsp;de casos nuevos, seg\u00fan datos del gobierno federal. Frente a esta perspectiva favorable, varios estados de la rep\u00fablica mexicana han replanteado sus medidas del uso del cubrebocas. Diversas entidades han decidido&nbsp;decretar el uso de cubrebocas como una medida voluntaria, permaneciendo su uso [&hellip;]<\/p>\n","protected":false},"author":2,"featured_media":12623,"comment_status":"open","ping_status":"open","sticky":false,"template":"","format":"standard","meta":{"tdm_status":"","tdm_grid_status":"","footnotes":""},"categories":[3],"tags":[],"class_list":{"0":"post-12622","1":"post","2":"type-post","3":"status-publish","4":"format-standard","5":"has-post-thumbnail","7":"category-internacional"},"jetpack_featured_media_url":"https:\/\/www.newsmillenium.com\/wp-content\/uploads\/2022\/10\/portada-2-cubrebocas.jpg","amp_enabled":true,"_links":{"self":[{"href":"https:\/\/www.newsmillenium.com\/index.php\/wp-json\/wp\/v2\/posts\/12622","targetHints":{"allow":["GET"]}}],"collection":[{"href":"https:\/\/www.newsmillenium.com\/index.php\/wp-json\/wp\/v2\/posts"}],"about":[{"href":"https:\/\/www.newsmillenium.com\/index.php\/wp-json\/wp\/v2\/types\/post"}],"author":[{"embeddable":true,"href":"https:\/\/www.newsmillenium.com\/index.php\/wp-json\/wp\/v2\/users\/2"}],"replies":[{"embeddable":true,"href":"https:\/\/www.newsmillenium.com\/index.php\/wp-json\/wp\/v2\/comments?post=12622"}],"version-history":[{"count":1,"href":"https:\/\/www.newsmillenium.com\/index.php\/wp-json\/wp\/v2\/posts\/12622\/revisions"}],"predecessor-version":[{"id":12624,"href":"https:\/\/www.newsmillenium.com\/index.php\/wp-json\/wp\/v2\/posts\/12622\/revisions\/12624"}],"wp:featuredmedia":[{"embeddable":true,"href":"https:\/\/www.newsmillenium.com\/index.php\/wp-json\/wp\/v2\/media\/12623"}],"wp:attachment":[{"href":"https:\/\/www.newsmillenium.com\/index.php\/wp-json\/wp\/v2\/media?parent=12622"}],"wp:term":[{"taxonomy":"category","embeddable":true,"href":"https:\/\/www.newsmillenium.com\/index.php\/wp-json\/wp\/v2\/categories?post=12622"},{"taxonomy":"post_tag","embeddable":true,"href":"https:\/\/www.newsmillenium.com\/index.php\/wp-json\/wp\/v2\/tags?post=12622"}],"curies":[{"name":"wp","href":"https:\/\/api.w.org\/{rel}","templated":true}]}}