{"id":12078,"date":"2022-09-07T15:41:42","date_gmt":"2022-09-07T21:41:42","guid":{"rendered":"https:\/\/www.newsmillenium.com\/?p=12078"},"modified":"2022-09-07T15:41:45","modified_gmt":"2022-09-07T21:41:45","slug":"integracion-economica-de-america-latina-clave-para-el-desarrollo-regional-caf-y-secretaria-de-economia","status":"publish","type":"post","link":"https:\/\/www.newsmillenium.com\/index.php\/2022\/09\/07\/integracion-economica-de-america-latina-clave-para-el-desarrollo-regional-caf-y-secretaria-de-economia\/","title":{"rendered":"Integraci\u00f3n econ\u00f3mica de Am\u00e9rica Latina, clave para el desarrollo regional: CAF y Secretar\u00eda de Econom\u00eda"},"content":{"rendered":"\n<ul class=\"wp-block-list\"><li><em>El <\/em><a href=\"http:\/\/scioteca.caf.com\/handle\/123456789\/1823\"><em>Reporte de Econom\u00eda y Desarrollo de CAF<\/em><\/a><em> identifica que, para lograr una mayor inserci\u00f3n regional y global, se debe actuar sobre tres \u00e1reas espec\u00edficas: la facilitaci\u00f3n del comercio, la infraestructura f\u00edsica y la integraci\u00f3n productiva.<\/em><\/li><li><em>Como resultado de su integraci\u00f3n al TLCAN (actual T-MEC) M\u00e9xico mostr\u00f3 un gran dinamismo en su comercio exterior, increment\u00e1ndolo en m\u00e1s de 50 puntos del PIB, pasando del 24% a 77% entre 1980 y 2019.<\/em><\/li><\/ul>\n\n\n\n<p>En colaboraci\u00f3n con la Secretar\u00eda de Econom\u00eda y con la presencia de la secretaria <strong>Tatiana Clouthier<\/strong>, y vicepresidente corporativo de Programaci\u00f3n Estrat\u00e9gica de CAF -banco de desarrollo de Am\u00e9rica Latina-, <strong>Christian Asinelli<\/strong>, se present\u00f3 el <a href=\"http:\/\/scioteca.caf.com\/handle\/123456789\/1823\">Reporte de Econom\u00eda y Desarrollo (RED2021): Caminos para la integraci\u00f3n: facilitaci\u00f3n del comercio, infraestructura y cadenas globales de valor<\/a><em>, <\/em>en el que se resalta que la integraci\u00f3n econ\u00f3mica de Am\u00e9rica Latina es un factor clave para el desarrollo regional.<\/p>\n\n\n\n<p>En el Reporte se se\u00f1ala que el comercio en la regi\u00f3n de Am\u00e9rica del Norte fue un factor determinante en explicar el dinamismo en M\u00e9xico, pues a partir de su incorporaci\u00f3n al TLCAN (actual T-MEC), el pa\u00eds mostr\u00f3 un gran avance en su comercio exterior, increment\u00e1ndolo en m\u00e1s de <strong>50 puntos del PIB<\/strong>, pasando del <strong>24%<\/strong> a <strong>77%<\/strong> entre <strong>1980<\/strong> y <strong>2019<\/strong>. Mientras que Am\u00e9rica Central y el resto de Latinoam\u00e9rica en general tuvieron un moderado incremento, de <strong>58%<\/strong> a <strong>72%<\/strong> y de <strong>52%<\/strong> a <strong>62%<\/strong> respectivamente en el mismo periodo.<\/p>\n\n\n\n<p>Centroam\u00e9rica fue la \u00fanica subregi\u00f3n de Am\u00e9rica Latina que aument\u00f3 su comercio intrarregional, el cual pas\u00f3 de <strong>12,1%<\/strong> a <strong>13,9%<\/strong>, aunque los niveles siguen siendo bajos.<\/p>\n\n\n\n<p>Parte de este incremento en ambas regiones se debe a la ca\u00edda observada en los aranceles aplicados. En <strong>M\u00e9xico<\/strong>, el nivel de aranceles baj\u00f3 de <strong>18% en 2000 a 3% en 2018<\/strong>. En los pa\u00edses de <strong>Am\u00e9rica Central<\/strong> antes mencionados, el nivel inicial era significativamente menor, <strong>7%<\/strong> y caen al <strong>4%<\/strong> en <strong>2018<\/strong>. Esta mayor apertura se tradujo en una mayor integraci\u00f3n productiva de M\u00e9xico a las <strong>cadenas de valor de Estados Unidos y Canad\u00e1<\/strong> (aunque sustituyera en parte insumos importados de otras regiones como China), la cual se vio reflejada en la proporci\u00f3n del valor agregado exportado como porci\u00f3n del valor agregado total.<\/p>\n\n\n\n<p>El RED2021 de CAF identifica que, para lograr una mayor inserci\u00f3n regional y global, se debe actuar sobre tres \u00e1reas espec\u00edficas: <strong>la facilitaci\u00f3n del comercio, la infraestructura f\u00edsica y la integraci\u00f3n productiva<\/strong>.<\/p>\n\n\n\n<p>Durante su participaci\u00f3n en el evento la secretaria de Econom\u00eda, <strong>Tatiana Clouthier<\/strong>, destac\u00f3 que el acercamiento geogr\u00e1fico de los pa\u00edses en el continente americano nos hace socios evidentes y nos llama a expandir nuestros mercados mediante econom\u00edas de escala y especializaci\u00f3n, para avanzar juntos. Tambi\u00e9n indic\u00f3 que, a nivel mundial observamos un reordenamiento de las cadenas de proveedur\u00eda y una b\u00fasqueda por mayor diversificaci\u00f3n.<\/p>\n\n\n\n<p>Por su parte, <strong>Christian Asinelli<\/strong>, vicepresidente Corporativo de Programaci\u00f3n Estrat\u00e9gica de CAF coment\u00f3: \u201cExisten grandes oportunidades para seguir promoviendo la inserci\u00f3n internacional de las empresas mexicanas y centroamericanas y la participaci\u00f3n en cadenas regionales y globales de valor, que permitan traducir esta mayor apertura en incrementos de productividad y bienestar para todos los mexicanos y centroamericanos. Por eso desde CAF tenemos una agenda renovada que busca ser un puente para integrar a m\u00e1s pa\u00edses de Centroam\u00e9rica y M\u00e9xico con el resto de la regi\u00f3n y de esta manera promover el comercio intrarregional. La incorporaci\u00f3n de El Salvador y Honduras como miembros plenos de nuestra instituci\u00f3n es un ejemplo concreto de que la integraci\u00f3n es posible\u201d.<\/p>\n\n\n\n<p>En el evento de la presentaci\u00f3n del RED2021 tambi\u00e9n participaron <strong>Rixi Moncada<\/strong>, ministra de Finanzas de Honduras; <strong>Mar\u00eda Luisa Hayem Brev\u00e9<\/strong>, ministra de Econom\u00eda de El Salvador; y <strong>Manuel Tovar<\/strong>, ministro de Comercio Exterior de Costa Rica.<\/p>\n\n\n\n<p><strong>Mar\u00eda Luisa Hayem Brev\u00e9<\/strong>, ministra de Econom\u00eda de El Salvador, mencion\u00f3 que El Salvador est\u00e1 pasando por un momento de desempe\u00f1o econ\u00f3mico positivo, destac\u00f3 que la econom\u00eda del pa\u00eds creci\u00f3 10.3% y las expotaciones un 26%. \u201cEl esfuerzo que hicimos con los paises centroamericanos ha fomentado este comercio intraregional, adem\u00e1s este proceso prepar\u00f3 para establecer acuerdos comerciales con M\u00e9xico, Estados Unidos y con la Uni\u00f3n Europea\u201d. Agreg\u00f3 que la firma de acuerdos por s\u00ed mismas, no son suficientes para generar el aumento que se necesita, se deben reducir tarifas arancelarias, mejorar infraestructura, entre otros.<\/p>\n\n\n\n<p><strong>Rixi Moncada<\/strong>, ministra de Finanzas de Honduras, mencion\u00f3 que como secretarios de econom\u00eda y finanzas no se debe pasar por alto que para llevar adelante cualquier proceso de integraci\u00f3n es fundamental la estabilidad democr\u00e1tica. Mencion\u00f3 que existe el reto y desaf\u00edo de la integraci\u00f3n no solo econ\u00f3mica, si no pol\u00edtica y social de los pa\u00edses. Dijo que el desaf\u00edo fundamental es contribuir no solo con el proceso de gobernanza de exportaci\u00f3n e importaci\u00f3n si no para que las instancias del gobierno la lleven a la ventanilla \u00fanica. &nbsp;<\/p>\n\n\n\n<p><strong>Manuel Tovar<\/strong>, ministro de Comercio Exterior de Costa Rica, mencion\u00f3 que el crecimiento econ\u00f3mico de su pa\u00eds ha estado vinculado con el comercio internacional y la inversi\u00f3n extranjera. Dijo que Costa Rica construy\u00f3 una s\u00f3lida plataforma de comercio para facilitarlo. Indic\u00f3 que el pa\u00eds ha implementado un plan de infraestructura, modernizaci\u00f3n, simplificaci\u00f3n de tr\u00e1mites y mejora normativa.<\/p>\n\n\n\n<p><strong>Lian Allub<\/strong>, economista principal de CAF y editor del Reporte, se\u00f1al\u00f3 durante su presentaci\u00f3n: \u201cEl nearshoring es una oportunidad que se presenta para M\u00e9xico en particular y para las econom\u00edas centroamericanas, esto, a partir de la guerra comercial de EE.UU. con China. Entre 2017 y 2021 M\u00e9xico increment\u00f3 su participaci\u00f3n en las importaciones de EE.UU. de los segmentos de veh\u00edculos, rubro en el que recientemente se incorporaron 6 proveedores de Tesla; maquinaria especializada, maquinaria industrial y equipo de transporte, lo que es una se\u00f1al de que en cierta medida este nearshoring est\u00e1 ocurriendo\u201d.<\/p>\n\n\n\n<p>La integraci\u00f3n energ\u00e9tica es un cap\u00edtulo donde Am\u00e9rica Central es un ejemplo positivo en la regi\u00f3n. A partir de la creaci\u00f3n del Mercado El\u00e9ctrico Regional y el SIEPAC, el comercio de energ\u00eda se intensific\u00f3, lo que permiti\u00f3 reducir los niveles de demanda m\u00e1xima en relaci\u00f3n a la potencia instalada en todos los pa\u00edses y aumentar la generaci\u00f3n de energ\u00eda a partir de fuentes renovables no convencionales, lo que sin duda ser\u00e1 un gran aliado en el camino hacia un desarrollo sostenible.<\/p>\n\n\n\n<p>\u201cPara profundizar la integraci\u00f3n productiva es necesario avanzar en la simplificaci\u00f3n y armonizaci\u00f3n de reglas de origen, para permitir que se puedan comerciar insumos intermedios necesarios para la producci\u00f3n y que, al mismo tiempo, los bienes intermedios o finales producidos a partir de ellos sigan gozando de las preferencias arancelarias de los acuerdos comerciales existentes. Para esto, un primer paso es evitar reglas de origen muy estrictas y al mismo tiempo permitir la acumulaci\u00f3n de origen entre acuerdos\u201d, se\u00f1al\u00f3 <strong>Ren\u00e9 Orellana Halkyer<\/strong>, gerente regional para M\u00e9xico y Centroam\u00e9rica de CAF.<\/p>\n\n\n\n<p>CAF y la secretar\u00eda de Econom\u00eda concluyeron que, aunque existen retos muy importantes para la integraci\u00f3n regional, el camino est\u00e1 siendo positivo y muchos aspectos econ\u00f3micos y comerciales se est\u00e1n convirtiendo en referentes a nivel global.<\/p>\n","protected":false},"excerpt":{"rendered":"<p>El Reporte de Econom\u00eda y Desarrollo de CAF identifica que, para lograr una mayor inserci\u00f3n regional y global, se debe actuar sobre tres \u00e1reas espec\u00edficas: la facilitaci\u00f3n del comercio, la infraestructura f\u00edsica y la integraci\u00f3n productiva. Como resultado de su integraci\u00f3n al TLCAN (actual T-MEC) M\u00e9xico mostr\u00f3 un gran dinamismo en su comercio exterior, increment\u00e1ndolo [&hellip;]<\/p>\n","protected":false},"author":2,"featured_media":12079,"comment_status":"open","ping_status":"open","sticky":false,"template":"","format":"standard","meta":{"tdm_status":"","tdm_grid_status":"","footnotes":""},"categories":[17,3],"tags":[],"class_list":{"0":"post-12078","1":"post","2":"type-post","3":"status-publish","4":"format-standard","5":"has-post-thumbnail","7":"category-excelencia-empresarial","8":"category-internacional"},"jetpack_featured_media_url":"https:\/\/www.newsmillenium.com\/wp-content\/uploads\/2022\/09\/portada-1-caf.jpg","amp_enabled":true,"_links":{"self":[{"href":"https:\/\/www.newsmillenium.com\/index.php\/wp-json\/wp\/v2\/posts\/12078","targetHints":{"allow":["GET"]}}],"collection":[{"href":"https:\/\/www.newsmillenium.com\/index.php\/wp-json\/wp\/v2\/posts"}],"about":[{"href":"https:\/\/www.newsmillenium.com\/index.php\/wp-json\/wp\/v2\/types\/post"}],"author":[{"embeddable":true,"href":"https:\/\/www.newsmillenium.com\/index.php\/wp-json\/wp\/v2\/users\/2"}],"replies":[{"embeddable":true,"href":"https:\/\/www.newsmillenium.com\/index.php\/wp-json\/wp\/v2\/comments?post=12078"}],"version-history":[{"count":1,"href":"https:\/\/www.newsmillenium.com\/index.php\/wp-json\/wp\/v2\/posts\/12078\/revisions"}],"predecessor-version":[{"id":12080,"href":"https:\/\/www.newsmillenium.com\/index.php\/wp-json\/wp\/v2\/posts\/12078\/revisions\/12080"}],"wp:featuredmedia":[{"embeddable":true,"href":"https:\/\/www.newsmillenium.com\/index.php\/wp-json\/wp\/v2\/media\/12079"}],"wp:attachment":[{"href":"https:\/\/www.newsmillenium.com\/index.php\/wp-json\/wp\/v2\/media?parent=12078"}],"wp:term":[{"taxonomy":"category","embeddable":true,"href":"https:\/\/www.newsmillenium.com\/index.php\/wp-json\/wp\/v2\/categories?post=12078"},{"taxonomy":"post_tag","embeddable":true,"href":"https:\/\/www.newsmillenium.com\/index.php\/wp-json\/wp\/v2\/tags?post=12078"}],"curies":[{"name":"wp","href":"https:\/\/api.w.org\/{rel}","templated":true}]}}