{"id":1182,"date":"2020-06-23T15:19:37","date_gmt":"2020-06-23T21:19:37","guid":{"rendered":"https:\/\/www.newsmillenium.com\/?p=1182"},"modified":"2020-06-23T15:19:52","modified_gmt":"2020-06-23T21:19:52","slug":"44-mil-denuncias-laborales-ha-recibido-el-ministerio-de-trabajo-desde-que-inicio-la-cuarentena-hasta-la-actualidad","status":"publish","type":"post","link":"https:\/\/www.newsmillenium.com\/index.php\/2020\/06\/23\/44-mil-denuncias-laborales-ha-recibido-el-ministerio-de-trabajo-desde-que-inicio-la-cuarentena-hasta-la-actualidad\/","title":{"rendered":"44 mil denuncias laborales  ha recibido el Ministerio de Trabajo desde que inicio la cuarentena hasta la actualidad"},"content":{"rendered":"\n<p>El\nMinisterio de Trabajo y Previsi\u00f3n Social confirm\u00f3 &nbsp;que ha recibido 44,412 laborales desde que se\ninici\u00f3 la emergencia por la pandemia de COVID-19.<\/p>\n\n\n\n<p>De\nacuerdo con la cartera estatal, la primera causa de denuncia es la suspensi\u00f3n\nde contratos, seguida por el no pago de salarios.<\/p>\n\n\n\n<p>El sector\nm\u00e1s denunciado es el sector de servicio con 18,834, seguido por el sector\nindustria con 12,903 denuncias.<\/p>\n\n\n\n<p>El\nministro Rolando Castro explic\u00f3 que hoy se instal\u00f3 una mesa de di\u00e1logo y\nnegociaci\u00f3n con las empresas que han suspendido contratos.<\/p>\n\n\n\n<p>De\nacuerdo con el funcionario, la mesa con los empresarios servir\u00e1 para la\nconciliaci\u00f3n y arbitraje de los conflictos laborales que se han dado en el\nmarco de la pandemia.<\/p>\n","protected":false},"excerpt":{"rendered":"<p>El Ministerio de Trabajo y Previsi\u00f3n Social confirm\u00f3 &nbsp;que ha recibido 44,412 laborales desde que se inici\u00f3 la emergencia por la pandemia de COVID-19. De acuerdo con la cartera estatal, la primera causa de denuncia es la suspensi\u00f3n de contratos, seguida por el no pago de salarios. El sector m\u00e1s denunciado es el sector de [&hellip;]<\/p>\n","protected":false},"author":2,"featured_media":1183,"comment_status":"open","ping_status":"open","sticky":false,"template":"","format":"standard","meta":{"tdm_status":"","tdm_grid_status":"","footnotes":""},"categories":[14,4],"tags":[],"class_list":{"0":"post-1182","1":"post","2":"type-post","3":"status-publish","4":"format-standard","5":"has-post-thumbnail","7":"category-destacads","8":"category-elsalvador"},"jetpack_featured_media_url":"https:\/\/www.newsmillenium.com\/wp-content\/uploads\/2020\/06\/portada-1-1-ministro-de-trabajo.jpg","amp_enabled":true,"_links":{"self":[{"href":"https:\/\/www.newsmillenium.com\/index.php\/wp-json\/wp\/v2\/posts\/1182","targetHints":{"allow":["GET"]}}],"collection":[{"href":"https:\/\/www.newsmillenium.com\/index.php\/wp-json\/wp\/v2\/posts"}],"about":[{"href":"https:\/\/www.newsmillenium.com\/index.php\/wp-json\/wp\/v2\/types\/post"}],"author":[{"embeddable":true,"href":"https:\/\/www.newsmillenium.com\/index.php\/wp-json\/wp\/v2\/users\/2"}],"replies":[{"embeddable":true,"href":"https:\/\/www.newsmillenium.com\/index.php\/wp-json\/wp\/v2\/comments?post=1182"}],"version-history":[{"count":1,"href":"https:\/\/www.newsmillenium.com\/index.php\/wp-json\/wp\/v2\/posts\/1182\/revisions"}],"predecessor-version":[{"id":1184,"href":"https:\/\/www.newsmillenium.com\/index.php\/wp-json\/wp\/v2\/posts\/1182\/revisions\/1184"}],"wp:featuredmedia":[{"embeddable":true,"href":"https:\/\/www.newsmillenium.com\/index.php\/wp-json\/wp\/v2\/media\/1183"}],"wp:attachment":[{"href":"https:\/\/www.newsmillenium.com\/index.php\/wp-json\/wp\/v2\/media?parent=1182"}],"wp:term":[{"taxonomy":"category","embeddable":true,"href":"https:\/\/www.newsmillenium.com\/index.php\/wp-json\/wp\/v2\/categories?post=1182"},{"taxonomy":"post_tag","embeddable":true,"href":"https:\/\/www.newsmillenium.com\/index.php\/wp-json\/wp\/v2\/tags?post=1182"}],"curies":[{"name":"wp","href":"https:\/\/api.w.org\/{rel}","templated":true}]}}